{"id":8,"date":"2019-09-09T14:35:28","date_gmt":"2019-09-09T14:35:28","guid":{"rendered":"https:\/\/casosclinicos.cflpapers.com\/?p=8"},"modified":"2019-09-22T10:30:23","modified_gmt":"2019-09-22T10:30:23","slug":"disfonia-en-maestra-de-infantil","status":"publish","type":"post","link":"https:\/\/casosclinicos.cflpapers.com\/index.php\/2019\/09\/09\/disfonia-en-maestra-de-infantil\/","title":{"rendered":"Disfon\u00eda en Maestra de Infantil"},"content":{"rendered":"\n<p>Paciente de 40 a\u00f1os que acude a consulta en diciembre de 2017 por disfon\u00eda desde hac\u00eda 1 a\u00f1o sin relaci\u00f3n aparente con nada. En su profesi\u00f3n hace un uso continuo de la voz por ser maestra de infantil.<\/p>\n\n\n\n<h4 class=\"wp-block-heading\">Antecedentes<\/h4>\n\n\n\n<p>En 2001 tuvo un cuadro similar que super\u00f3 con rehabilitaci\u00f3n. No fumadora. No presenta problemas digestivos.<\/p>\n\n\n\n<h4 class=\"wp-block-heading\">Exploraci\u00f3n lar\u00edngea<\/h4>\n\n\n\n<figure class=\"wp-block-video aligncenter\"><video height=\"844\" style=\"aspect-ratio: 1052 \/ 844;\" width=\"1052\" controls src=\"https:\/\/casosclinicos.cflpapers.com\/wp-content\/uploads\/2019\/09\/01.mp4\"><\/video><\/figure>\n\n\n\n<p>Borde libre CV derecha muy enrojecida, con posible <em>sulcus<\/em>. En CV izquierda presenta zona nodular.<\/p>\n\n\n\n<p>Se propone terapia para regenerar el tejido y colocar la voz.<\/p>\n\n\n\n<h4 class=\"wp-block-heading\">Terapia vocal<\/h4>\n\n\n\n<h5 class=\"wp-block-heading\">1\u00aa sesi\u00f3n el 27\/4\/2017<\/h5>\n\n\n\n<p>En esta primera sesi\u00f3n de tratamiento se hace una valoraci\u00f3n ac\u00fastica de la voz de la paciente mediante la grabaci\u00f3n de su voz para su posterior an\u00e1lisis y tener un registro inicial con el que poder comparar los resultados al final de la rehabilitaci\u00f3n.<\/p>\n\n\n\n<figure class=\"wp-block-audio\"><audio controls src=\"https:\/\/casosclinicos.cflpapers.com\/wp-content\/uploads\/2019\/09\/02.mp3\"><\/audio><\/figure>\n\n\n\n<p>Los resultados muestran:<\/p>\n\n\n\n<ul class=\"wp-block-list\"><li>TFM es de 6,4 segundos<\/li><li>MDVP:<\/li><\/ul>\n\n\n\n<div class=\"wp-block-image\"><figure class=\"aligncenter\"><img loading=\"lazy\" decoding=\"async\" width=\"300\" height=\"286\" src=\"https:\/\/casosclinicos.cflpapers.com\/wp-content\/uploads\/2019\/09\/grafica-300x286.png\" alt=\"grafica\" class=\"wp-image-14\" srcset=\"https:\/\/casosclinicos.cflpapers.com\/wp-content\/uploads\/2019\/09\/grafica-300x286.png 300w, https:\/\/casosclinicos.cflpapers.com\/wp-content\/uploads\/2019\/09\/grafica-768x732.png 768w, https:\/\/casosclinicos.cflpapers.com\/wp-content\/uploads\/2019\/09\/grafica.png 896w\" sizes=\"auto, (max-width: 300px) 100vw, 300px\" \/><\/figure><\/div>\n\n\n\n<ul class=\"wp-block-list\"><li>El \u00edndice fonorespiratorio es de 1,05 lo que nos indica que hay un cierre gl\u00f3tico incompleto, es decir que existe escape de aire<\/li><\/ul>\n\n\n\n<p>Valoraci\u00f3n de los factores de riesgo:&nbsp;Se pas\u00f3 un cuestionario con el fin de hacerla consciente de cales eran los factores que pod\u00edan estar incidiendo de forma negativa en su voz y al conocerlos actuar sobre ellos. Los factores que m\u00e1s negativamente incid\u00edan eran el reflujo y la sequedad.<\/p>\n\n\n\n<p>Ense\u00f1amos a la paciente a lubrificarse y a hidratarse:<\/p>\n\n\n\n<ul class=\"wp-block-list\"><li>Se la ense\u00f1a a lubrificarse con aloe al 25% en pectina. Se puede ver el protocolo que usamos en el link sobre gelling code <a href=\"https:\/\/gellingeffect.cflpapers.com\/\">https:\/\/gellingeffect.cflpapers.com\/<\/a>. Se la aconseja un uso continuado y diario durante un mes.<\/li><li>Se la ense\u00f1a a hidratarse respirando humedad por la nariz con la gasa h\u00fameda respirando durante 10 minutos humedeciendo la gasa cada minuto. Es conveniente que a la vez que respira la humedad hable o cante para qu\u00e9 haya m\u00e1s penetraci\u00f3n de la humedad en los tejidos.<\/li><\/ul>\n\n\n\n<figure class=\"wp-block-video aligncenter\"><video height=\"576\" style=\"aspect-ratio: 720 \/ 576;\" width=\"720\" controls src=\"https:\/\/casosclinicos.cflpapers.com\/wp-content\/uploads\/2019\/09\/04.mp4\"><\/video><\/figure>\n\n\n\n<p>Reducir la inflamaci\u00f3n con calor local, a trav\u00e9s de vahos con manzanilla y tomillo. Para conseguir un mayor efecto se realiza un masaje de la zona emitiendo sonidos grave a alto volumen con la emisi\u00f3n de la vocal \/u \/. Este masaje busca movilizar los tejidos inflamados e inducir a una reparaci\u00f3n del tejido. Los glisandos en estos momentos no los puede hacer.<\/p>\n\n\n\n<figure class=\"wp-block-video aligncenter\"><video height=\"576\" style=\"aspect-ratio: 720 \/ 576;\" width=\"720\" controls src=\"https:\/\/casosclinicos.cflpapers.com\/wp-content\/uploads\/2019\/09\/05.mp4\"><\/video><\/figure>\n\n\n\n<h5 class=\"wp-block-heading\">2\u00aa, 3\u00aa y 4\u00aa sesiones, en mayo de 2017<\/h5>\n\n\n\n<ul class=\"wp-block-list\"><li>Seguimos desinflamando y forzando al recambio celular de la mucosa con vahos de manzanilla y tomillo 2 veces al d\u00eda, y a la vez emitiendo sonidos graves a alto volumen con la \/u \/. El objetivo es conseguir un despegamiento de la mucosa del borde libre de la CV. El glisando (emitir sonido como una sirena) con la \/i\/ lo realiza con mucho esfuerzo, pero se inicia a usar: 3 sonidos graves con \/u\/ y un glisando con \/i\/.<\/li><li>Control del reflujo faringolaringeo. Se la ense\u00f1an normas para control de reflujo (aconsejamos dieta para personas con reflujo) donde se la recomienda sobre todo hacer cinco comidas, masticar bien y evitar los alimentos que la afectan negativamente con gases, digesti\u00f3n lenta o acidez.<\/li><li>Bombardeo sensitivo: Sensibilizaci\u00f3n del tracto vocal con un depresor encima de la lengua o con Bal\u00f3n regulable intraoral (BRIO) para sentir sus movimientos mientras habla, modificar las impedancias y modificar el c.d.g. (centro de gravedad) de la lengua. Sensibilizaci\u00f3n del punto de impacto de su voz marcando a zona media del paladar con frio y observando en diferentes posturas (urogallo, manos- rodillas\u2026) si cambia el punto de impacto de su voz.<\/li><\/ul>\n\n\n\n<figure class=\"wp-block-video aligncenter\"><video height=\"844\" style=\"aspect-ratio: 1052 \/ 844;\" width=\"1052\" controls src=\"https:\/\/casosclinicos.cflpapers.com\/wp-content\/uploads\/2019\/09\/06.mp4\"><\/video><\/figure>\n\n\n\n<ul class=\"wp-block-list\"><li>Cambiar el punto de impacto de su voz con posturas de equilibrio inestable<\/li><\/ul>\n\n\n\n<div class=\"wp-block-image wp-image-18 size-full\"><figure class=\"aligncenter\"><img loading=\"lazy\" decoding=\"async\" width=\"553\" height=\"822\" src=\"https:\/\/casosclinicos.cflpapers.com\/wp-content\/uploads\/2019\/09\/06bis.jpg\" alt=\"Pedestal\" class=\"wp-image-18\" srcset=\"https:\/\/casosclinicos.cflpapers.com\/wp-content\/uploads\/2019\/09\/06bis.jpg 553w, https:\/\/casosclinicos.cflpapers.com\/wp-content\/uploads\/2019\/09\/06bis-202x300.jpg 202w\" sizes=\"auto, (max-width: 553px) 100vw, 553px\" \/><figcaption>Equilibrio inestable en postura del pedestal<\/figcaption><\/figure><\/div>\n\n\n\n<ul class=\"wp-block-list\"><li>Sensaci\u00f3n de respiraci\u00f3n: en reposo localizamos el tipo de respiraci\u00f3n que hace y buscamos que sea lo m\u00e1s costo-abdominal posible. Como tiene dificultad en llevar el aire hasta la zona baja sensibilizamos esa zona con un cintur\u00f3n el\u00e1stico para que haga una contra-resistencia y la facilite llevar el aire hacia la zona baja. Una vez que ha llevado el aire a la parte baja es importante que lo sujete cuando habla.<\/li><\/ul>\n\n\n\n<h4 class=\"wp-block-heading\">Revisi\u00f3n control foni\u00e1trico el 30 de mayo de 2017<\/h4>\n\n\n\n<h5 class=\"wp-block-heading\">Exploraci\u00f3n lar\u00edngea<\/h5>\n\n\n\n<p>La CV izquierda no tiene quiste, sino que es un n\u00f3dulo duro. Est\u00e1 disminuyendo el enrojecimiento cordal. Ha mejorado funcionalmente pero a\u00fan persiste el n\u00f3dulo.<\/p>\n\n\n\n<figure class=\"wp-block-video aligncenter\"><video height=\"844\" style=\"aspect-ratio: 1052 \/ 844;\" width=\"1052\" controls src=\"https:\/\/casosclinicos.cflpapers.com\/wp-content\/uploads\/2019\/09\/08.mp4\"><\/video><\/figure>\n\n\n\n<p>Se pauta un descanso de tratamiento y ver evoluci\u00f3n a los 3 meses<\/p>\n\n\n\n<h4 class=\"wp-block-heading\">Revisi\u00f3n control foni\u00e1trico el 9 de agosto de 2017<\/h4>\n\n\n\n<h5 class=\"wp-block-heading\">Exploraci\u00f3n lar\u00edngea<\/h5>\n\n\n\n<p>CV izquierda: lesi\u00f3n nodular<\/p>\n\n\n\n<p>CV derecha: enrojecimiento con sulcus o roturas de LP<\/p>\n\n\n\n<figure class=\"wp-block-video aligncenter\"><video height=\"844\" style=\"aspect-ratio: 1052 \/ 844;\" width=\"1052\" controls src=\"https:\/\/casosclinicos.cflpapers.com\/wp-content\/uploads\/2019\/09\/09.mp4\"><\/video><\/figure>\n\n\n\n<p>Se pauta hacer tres sesiones espaciadas cada 15 d\u00edas para trabajar el apoyo costo-abdominal con tapping, ejercicios de onda mucosa y ajustar coordinaci\u00f3n fonorespiratoria.<\/p>\n\n\n\n<div class=\"wp-block-image\"><figure class=\"aligncenter\"><img loading=\"lazy\" decoding=\"async\" width=\"300\" height=\"158\" src=\"https:\/\/casosclinicos.cflpapers.com\/wp-content\/uploads\/2019\/09\/10-300x158.jpg\" alt=\"\" class=\"wp-image-28\" srcset=\"https:\/\/casosclinicos.cflpapers.com\/wp-content\/uploads\/2019\/09\/10-300x158.jpg 300w, https:\/\/casosclinicos.cflpapers.com\/wp-content\/uploads\/2019\/09\/10.jpg 372w\" sizes=\"auto, (max-width: 300px) 100vw, 300px\" \/><\/figure><\/div>\n\n\n\n<div class=\"wp-block-image\"><figure class=\"aligncenter\"><img loading=\"lazy\" decoding=\"async\" width=\"300\" height=\"198\" src=\"https:\/\/casosclinicos.cflpapers.com\/wp-content\/uploads\/2019\/09\/10bis-300x198.jpg\" alt=\"tapping 2\" class=\"wp-image-29\" srcset=\"https:\/\/casosclinicos.cflpapers.com\/wp-content\/uploads\/2019\/09\/10bis-300x198.jpg 300w, https:\/\/casosclinicos.cflpapers.com\/wp-content\/uploads\/2019\/09\/10bis.jpg 372w\" sizes=\"auto, (max-width: 300px) 100vw, 300px\" \/><\/figure><\/div>\n\n\n\n<h4 class=\"wp-block-heading\">Revisi\u00f3n control foni\u00e1trico a los 2 meses, el 26 de diciembre de 2017<\/h4>\n\n\n\n<h5 class=\"wp-block-heading\">Exploraci\u00f3n lar\u00edngea<\/h5>\n\n\n\n<p>El cansancio de voz y la inestabilidad ante m\u00ednimos esfuerzos vocales contin\u00faan. En La estroboscopia lar\u00edngea no mejora la morfolog\u00eda y la funcionalidad.<br>Se aconseja cirug\u00eda.<\/p>\n\n\n\n<figure class=\"wp-block-video aligncenter\"><video height=\"844\" style=\"aspect-ratio: 1052 \/ 844;\" width=\"1052\" controls src=\"https:\/\/casosclinicos.cflpapers.com\/wp-content\/uploads\/2019\/09\/11.mp4\"><\/video><\/figure>\n\n\n\n<h4 class=\"wp-block-heading\">Revisi\u00f3n el 26 de diciembre de 2017<\/h4>\n\n\n\n<p>Se oper\u00f3 el 17-7-2018 con microcirug\u00eda lar\u00edngea (Dr.Teigeiro) realiz\u00e1ndose adenoidectom\u00eda m\u00e1s microcirug\u00eda lar\u00edngea ex\u00e9resis n\u00f3dulo CV izquierda m\u00e1s cordotom\u00eda con despegamiento de CV derecha por hallazgo quir\u00fargico de sulcus en tercio medio de la misma<\/p>\n\n\n\n<figure class=\"wp-block-video aligncenter\"><video height=\"844\" style=\"aspect-ratio: 1052 \/ 844;\" width=\"1052\" controls src=\"https:\/\/casosclinicos.cflpapers.com\/wp-content\/uploads\/2019\/09\/12.mp4\"><\/video><\/figure>\n\n\n\n<h4 class=\"wp-block-heading\">Terapia vocal postquir\u00fargica<\/h4>\n\n\n\n<p>Se realiz\u00f3 una terapia vocal con el objetivo de conseguir una buena l\u00e1mina propia, un buen cierre de las CV con un m\u00ednimo consumo energ\u00e9tico, y m\u00e1xima elasticidad donde haga una voz sin esfuerzo ni rozamientos.<\/p>\n\n\n\n<h5 class=\"wp-block-heading\">Sesiones postquir\u00fargicas 1\u00aa, 2\u00aa y 3\u00aa, en agosto de 2018<\/h5>\n\n\n\n<ul class=\"wp-block-list\"><li><strong>Reparaci\u00f3n de los tejidos: <\/strong>Es importante realizar una terapia que ayude a reparar las heridas que se han hecho. Para conseguir esto comenzamos la sesi\u00f3n usando calor local,a trav\u00e9s de vahos con manzanilla y tomillo para reducir la inflamaci\u00f3n local durante 5 minutos y a la vez la &nbsp;paciente hace ejercicios de onda mucosa con una \/u \/ grave a alto volumen.<\/li><li><strong>Limpieza nasal: <\/strong>Desinfectar las fosas nasales con preparado de limpieza nasal.<\/li><li><strong>Elasticidad<\/strong>: Uso controlado de la fonaci\u00f3n para estimular el crecimiento de los tejidos. Tiene que hablar con dulzura, con suavidad, evitando los mecanismos de fuerza que ella usaba.<\/li><li><strong>Sensibilizaci\u00f3n de la respiraci\u00f3n:<\/strong> mientras hace la rehabilitaci\u00f3n colocamos un faj\u00edn en la zona costo-abdominal&nbsp; para sensibilizarla donde tiene que bajar el aire en la inspiraci\u00f3n y mantener el aire cuando habla.<\/li><\/ul>\n\n\n\n<h5 class=\"wp-block-heading\">Sesiones 4\u00aa y 5\u00aa, en agosto de 2018<\/h5>\n\n\n\n<ul class=\"wp-block-list\"><li>Es importante seguir trabajando sobre la l\u00e1mina propia para conseguir que se vuelva m\u00e1s turgente. En esta sesi\u00f3n trabajamos con calor y fonaci\u00f3n con la vocal \/u\/ grave y a alto volumen para que se produzca un despegamiento de la mucosa y con la emisi\u00f3n de la \/ i\/ aunque todav\u00eda tiene dificultad en emitir el sonido \/i \/. Colocamos un vibrador suave a nivel del cart\u00edlago lar\u00edngeo y esto facilita la emisi\u00f3n del glisando.<\/li><li>Buscamos un cambio de punto de impacto, buscando que sea m\u00e1s anterior para ello trabajamos en diferentes posturas, siendo la mejor la postura manos rodillas y sentada en el borde de la silla con hiperflexi\u00f3n de tronco, donde le sale la voz sin esfuerzo.<\/li><\/ul>\n\n\n\n<h5 class=\"wp-block-heading\">Control foni\u00e1trico, el 29 de agosto de 2018<\/h5>\n\n\n\n<p>La rehabilitaci\u00f3n no va bien. La voz sigue disf\u00f3nica y opaca.<\/p>\n\n\n\n<p>En la exploraci\u00f3n lar\u00edngea se observa CV izquierda perfecta. CV derecha con ausencia de onda mucosa, enrojecida con posible quiste intracordal.<\/p>\n\n\n\n<p>Continuamos con la terapia vocal.<\/p>\n\n\n\n<h5 class=\"wp-block-heading\">Sesiones 6\u00aa y 7\u00aa, en septiembre de 2018<\/h5>\n\n\n\n<ul class=\"wp-block-list\"><li>Onda mucosa para conseguir m\u00e1s movilidad y despegamiento de la CV. Con doble vibraci\u00f3n m\u00e1s calor.<\/li><li>El ORL le paut\u00f3 Varidasa y Fortilasa.<\/li><\/ul>\n\n\n\n<h5 class=\"wp-block-heading\">Control foni\u00e1trico, el 11 de septiembre de 2018<\/h5>\n\n\n\n<p>Exploraci\u00f3n lar\u00edngea: la voz sigue opaca apreci\u00e1ndose CV derecha con escas\u00edsima onda mucosa pero el color est\u00e1 m\u00e1s normalizado.<\/p>\n\n\n\n<h5 class=\"wp-block-heading\">Sesiones 8\u00aa y 9\u00aa, en septiembre de 2018<\/h5>\n\n\n\n<ul class=\"wp-block-list\"><li>Preparamos mucosa con vahos m\u00e1s fonaci\u00f3n, haciendo agudos y graves con doble vibraci\u00f3n a diferente frecuencia y en diferentes planos.<\/li><li>Buscar el centro de gravedad (cdg) donde el cuerpo pesaba menos para modificarlo variando el eje de sustentaci\u00f3n. Para conseguir esto trabajamos la voz en postura <em>Torre de pisa<\/em> que hace que su voz tenga menos fuerza.<\/li><li>Con la gasa h\u00fameda puesta en la nariz seguimos haciendo los ejercicios de onda mucosa con la doble vibraci\u00f3n, trabajando el sonido grave a alto volumen.<\/li><\/ul>\n\n\n\n<h5 class=\"wp-block-heading\">Control foni\u00e1trico, el 9 de octubre de 2018<\/h5>\n\n\n\n<p><strong>Se realiza HIDROSECCI\u00d3N DE L\u00c1MINA PROPIA CON \u00c1CIDO HIALUR\u00d3NICO (Dr. Teijeiro, Dr. Borrag\u00e1n)<\/strong><\/p>\n\n\n\n<ul class=\"wp-block-list\"><li>A las 2 horas la paciente nota un poco de dolor en zona media del cuello anterior del lado derecho. Iniciamos terapia vocal&nbsp; realizando ejercicios para restablecer la onda mucosa usando el sonido \/u\/ grave y sonido \/u\/ grave en dos tiempos y el glisando con la \/i\/<\/li><li>Se realiz\u00f3 en posturas de m\u00e1xima elasticidad (el\u00e1sticos y en barra) y con humedad directa.<\/li><li>A las 24 horas: tuvo dolor por la tarde pero al dia siguiente no refiere dolor. El glisando lo hace con m\u00e1s facilidad. La voz est\u00e1 un poco mas rasposa que mejora en postura de desequilibrio e inversi\u00f3n sobre barra.<\/li><\/ul>\n\n\n\n<h5 class=\"wp-block-heading\">Sesiones 12\u00aa a 14\u00aa, en octubre de 2018<\/h5>\n\n\n\n<p>Hablar con movimientos amplios y r\u00e1pidos de la musculatura del tracto vocal sobre todo lengua para que el sonido salga y tener un buen equilibrio neumo-fonoarticulatorio cuidando que el sonido no se quede atr\u00e1s.<\/p>\n\n\n\n<p>Se recomienda que haga vida normal, que salga y hable en lugares ruido para ver c\u00f3mo se enfrenta a la sobrecarga. Por la tarde nota la voz mejor.<\/p>\n\n\n\n<h5 class=\"wp-block-heading\">Sesiones 15\u00aa y 16\u00aa, en octubre de 2018. Cierre del borde inferior<\/h5>\n\n\n\n<p>Con ayuda del endoscopio hemos comprobado que, usando la voz en inspiraci\u00f3n, las CV cierran m\u00e1s en la l\u00ednea media desde el borde inferior de la cuerda. Con esta &nbsp;maniobra se trabajaron los sonidos agudos y graves, los n\u00fameros, frases cortas y una canci\u00f3n.<\/p>\n\n\n\n<h5 class=\"wp-block-heading\">Control foni\u00e1trico, el 5 de noviembre de 2018<\/h5>\n\n\n\n<p>El cierre de las cuerdas es completo, comienza a tener m\u00e1s onda mucosa<\/p>\n\n\n\n<h5 class=\"wp-block-heading\">Sesiones 17\u00aa y 18\u00aa, en noviembre de 2018. Comienzo de las sobrecargas<\/h5>\n\n\n\n<p>Trabajamos con mascara, guante de gelatina y BRIO en series de 1 minuto y 2 minutos.<\/p>\n\n\n\n<p>Se reincorpora al trabajo, pero seguimos controlando cada 15 d\u00edas para ver c\u00f3mo evoluciona.<\/p>\n\n\n\n<h5 class=\"wp-block-heading\">Control foni\u00e1trico, el 21 de febrero de 2019<\/h5>\n\n\n\n<p><strong>Exploraci\u00f3n lar\u00edngea<\/strong><strong>: <\/strong>La onda mucosa se mueve en bloque, pero tiene un cierre completo. A los 4 meses se hace un nuevo control y la paciente presenta muy buena onda mucosa.<\/p>\n\n\n\n<p>Citada para pr\u00f3xima revisi\u00f3n en noviembre de 2019<\/p>\n\n\n\n<figure class=\"wp-block-video aligncenter\"><video height=\"576\" style=\"aspect-ratio: 720 \/ 576;\" width=\"720\" controls src=\"https:\/\/casosclinicos.cflpapers.com\/wp-content\/uploads\/2019\/09\/completo.m4v\"><\/video><\/figure>\n","protected":false},"excerpt":{"rendered":"<p>Paciente de 40 a\u00f1os que acude a consulta en diciembre de 2017 por disfon\u00eda desde hac\u00eda 1 a\u00f1o sin relaci\u00f3n aparente con nada. En su profesi\u00f3n hace un uso continuo de la voz por ser maestra de infantil. Antecedentes En 2001 tuvo un cuadro similar que super\u00f3 con rehabilitaci\u00f3n. No fumadora. No presenta problemas digestivos. [&hellip;]<\/p>\n","protected":false},"author":1,"featured_media":0,"comment_status":"closed","ping_status":"closed","sticky":false,"template":"","format":"standard","meta":{"site-sidebar-layout":"default","site-content-layout":"default","ast-site-content-layout":"default","site-content-style":"default","site-sidebar-style":"default","ast-global-header-display":"","ast-banner-title-visibility":"","ast-main-header-display":"","ast-hfb-above-header-display":"","ast-hfb-below-header-display":"","ast-hfb-mobile-header-display":"","site-post-title":"","ast-breadcrumbs-content":"","ast-featured-img":"","footer-sml-layout":"","ast-disable-related-posts":"","theme-transparent-header-meta":"default","adv-header-id-meta":"","stick-header-meta":"","header-above-stick-meta":"","header-main-stick-meta":"","header-below-stick-meta":"","astra-migrate-meta-layouts":"default","ast-page-background-enabled":"default","ast-page-background-meta":{"desktop":{"background-color":"","background-image":"","background-repeat":"repeat","background-position":"center center","background-size":"auto","background-attachment":"scroll","background-type":"","background-media":"","overlay-type":"","overlay-color":"","overlay-opacity":"","overlay-gradient":""},"tablet":{"background-color":"","background-image":"","background-repeat":"repeat","background-position":"center center","background-size":"auto","background-attachment":"scroll","background-type":"","background-media":"","overlay-type":"","overlay-color":"","overlay-opacity":"","overlay-gradient":""},"mobile":{"background-color":"","background-image":"","background-repeat":"repeat","background-position":"center center","background-size":"auto","background-attachment":"scroll","background-type":"","background-media":"","overlay-type":"","overlay-color":"","overlay-opacity":"","overlay-gradient":""}},"ast-content-background-meta":{"desktop":{"background-color":"var(--ast-global-color-5)","background-image":"","background-repeat":"repeat","background-position":"center center","background-size":"auto","background-attachment":"scroll","background-type":"","background-media":"","overlay-type":"","overlay-color":"","overlay-opacity":"","overlay-gradient":""},"tablet":{"background-color":"var(--ast-global-color-5)","background-image":"","background-repeat":"repeat","background-position":"center center","background-size":"auto","background-attachment":"scroll","background-type":"","background-media":"","overlay-type":"","overlay-color":"","overlay-opacity":"","overlay-gradient":""},"mobile":{"background-color":"var(--ast-global-color-5)","background-image":"","background-repeat":"repeat","background-position":"center center","background-size":"auto","background-attachment":"scroll","background-type":"","background-media":"","overlay-type":"","overlay-color":"","overlay-opacity":"","overlay-gradient":""}},"footnotes":""},"categories":[12],"tags":[],"class_list":["post-8","post","type-post","status-publish","format-standard","hentry","category-disfonia"],"_links":{"self":[{"href":"https:\/\/casosclinicos.cflpapers.com\/index.php\/wp-json\/wp\/v2\/posts\/8","targetHints":{"allow":["GET"]}}],"collection":[{"href":"https:\/\/casosclinicos.cflpapers.com\/index.php\/wp-json\/wp\/v2\/posts"}],"about":[{"href":"https:\/\/casosclinicos.cflpapers.com\/index.php\/wp-json\/wp\/v2\/types\/post"}],"author":[{"embeddable":true,"href":"https:\/\/casosclinicos.cflpapers.com\/index.php\/wp-json\/wp\/v2\/users\/1"}],"replies":[{"embeddable":true,"href":"https:\/\/casosclinicos.cflpapers.com\/index.php\/wp-json\/wp\/v2\/comments?post=8"}],"version-history":[{"count":8,"href":"https:\/\/casosclinicos.cflpapers.com\/index.php\/wp-json\/wp\/v2\/posts\/8\/revisions"}],"predecessor-version":[{"id":59,"href":"https:\/\/casosclinicos.cflpapers.com\/index.php\/wp-json\/wp\/v2\/posts\/8\/revisions\/59"}],"wp:attachment":[{"href":"https:\/\/casosclinicos.cflpapers.com\/index.php\/wp-json\/wp\/v2\/media?parent=8"}],"wp:term":[{"taxonomy":"category","embeddable":true,"href":"https:\/\/casosclinicos.cflpapers.com\/index.php\/wp-json\/wp\/v2\/categories?post=8"},{"taxonomy":"post_tag","embeddable":true,"href":"https:\/\/casosclinicos.cflpapers.com\/index.php\/wp-json\/wp\/v2\/tags?post=8"}],"curies":[{"name":"wp","href":"https:\/\/api.w.org\/{rel}","templated":true}]}}